{"id":5790,"date":"2026-03-11T16:07:40","date_gmt":"2026-03-11T23:07:40","guid":{"rendered":"https:\/\/the-war-diaries.com\/?p=5790"},"modified":"2026-03-11T16:14:28","modified_gmt":"2026-03-11T23:14:28","slug":"twds-fieldwork-in-the-qandil-mountains-cited","status":"publish","type":"post","link":"https:\/\/the-war-diaries.com\/?p=5790","title":{"rendered":"TWD&#8217;s Fieldwork in the Qandil Mountains Cited"},"content":{"rendered":"\n<p><strong>New Yiork-<\/strong> My fieldwork on Kurdish militancy  in the Qandil mountains of Iraq&#8217;s Erbil governorate was cited by the <a href=\"https:\/\/cejiss.org\/\">Central European Journal of International and Security Studies<\/a> published by <a href=\"https:\/\/www.mup.cz\/en\/\">Metropolitan University Prague. <\/a> In <a href=\"https:\/\/www.cejiss.org\/images\/issue_articles\/2018-volume-12-issue-2-0\/kavalek-pkks-friends-and-foes.pdf\">The PKK\u2019s Friends and Foes in the Middle East Since 1999<\/a>, authors <a href=\"https:\/\/scholar.google.com\/citations?user=FxzO-BwAAAAJ&amp;hl=en\">Tom\u00e1\u0161 Kav\u00e1lek <\/a>and <a href=\"https:\/\/www.muni.cz\/en\/people\/922-miroslav-mares\/supervisor\">Miroslav Mare\u0161<\/a> put the PKK;s complex relationship with regional state and substate actors as well as to its affiliate organizations or wings and their Apoist ideology that prioritizes, or prioritized, the armed struggle against the Turkish state as it central organizing principle. <\/p>\n\n\n\n<figure class=\"wp-block-image size-large\"><img loading=\"lazy\" decoding=\"async\" width=\"1024\" height=\"783\" src=\"http:\/\/the-war-diaries.com\/wp-content\/uploads\/2026\/03\/Screenshot-2026-03-11-at-7.04.56-PM-1-1024x783.png\" alt=\"\" class=\"wp-image-5795\" srcset=\"https:\/\/the-war-diaries.com\/wp-content\/uploads\/2026\/03\/Screenshot-2026-03-11-at-7.04.56-PM-1-1024x783.png 1024w, https:\/\/the-war-diaries.com\/wp-content\/uploads\/2026\/03\/Screenshot-2026-03-11-at-7.04.56-PM-1-300x229.png 300w, https:\/\/the-war-diaries.com\/wp-content\/uploads\/2026\/03\/Screenshot-2026-03-11-at-7.04.56-PM-1-150x115.png 150w, https:\/\/the-war-diaries.com\/wp-content\/uploads\/2026\/03\/Screenshot-2026-03-11-at-7.04.56-PM-1-768x587.png 768w\" sizes=\"auto, (max-width: 1024px) 100vw, 1024px\" \/><\/figure>\n\n\n\n<p>The identity politics across greater Kurdistan -Rojava, Rojhelat, Bashur, and Bakur has captivated me since I first landed in Athens on an overnight train in the summer of 1998 as a young university student. Walking with some friends from New Zealand around Plaka after midnight while looking for a budget hotel, we happened upon a young Greek leftist putting up pro-PKK posters with a bucket of wheat paste urging Western tourists to boycott Turkey because of the rampant oppression of Kurds in the country&#8217;s south and east.  <\/p>\n","protected":false},"excerpt":{"rendered":"<p>New Yiork- My fieldwork on Kurdish militancy in the Qandil mountains of Iraq&#8217;s Erbil governorate was cited by the Central European Journal of International and Security Studies published by Metropolitan University Prague. In The PKK\u2019s Friends and Foes in the&hellip;<\/p>\n<p class=\"more-link-p\"><a class=\"more-link\" href=\"https:\/\/the-war-diaries.com\/?p=5790\">Read more &rarr;<\/a><\/p>\n","protected":false},"author":1,"featured_media":5795,"comment_status":"closed","ping_status":"open","sticky":false,"template":"","format":"standard","meta":{"footnotes":""},"categories":[1],"tags":[],"class_list":["post-5790","post","type-post","status-publish","format-standard","has-post-thumbnail","hentry","category-uncategorized"],"yoast_head":"<!-- This site is optimized with the Yoast SEO plugin v27.1.1 - https:\/\/yoast.com\/product\/yoast-seo-wordpress\/ -->\n<title>TWD&#039;s Fieldwork in the Qandil Mountains Cited - The War Diaries<\/title>\n<meta name=\"robots\" content=\"index, follow, max-snippet:-1, max-image-preview:large, max-video-preview:-1\" \/>\n<link rel=\"canonical\" href=\"https:\/\/the-war-diaries.com\/?p=5790\" \/>\n<meta property=\"og:locale\" content=\"en_US\" \/>\n<meta property=\"og:type\" content=\"article\" \/>\n<meta property=\"og:title\" content=\"TWD&#039;s Fieldwork in the Qandil Mountains Cited - The War Diaries\" \/>\n<meta property=\"og:description\" content=\"New Yiork- My fieldwork on Kurdish militancy in the Qandil mountains of Iraq&#8217;s Erbil governorate was cited by the Central European Journal of International and Security Studies published by Metropolitan University Prague. In The PKK\u2019s Friends and Foes in the&hellip;Read more &rarr;\" \/>\n<meta property=\"og:url\" content=\"https:\/\/the-war-diaries.com\/?p=5790\" \/>\n<meta property=\"og:site_name\" content=\"The War Diaries\" \/>\n<meta property=\"article:published_time\" content=\"2026-03-11T23:07:40+00:00\" \/>\n<meta property=\"article:modified_time\" content=\"2026-03-11T23:14:28+00:00\" \/>\n<meta property=\"og:image\" content=\"https:\/\/the-war-diaries.com\/wp-content\/uploads\/2026\/03\/Screenshot-2026-03-11-at-7.04.56-PM-1.png\" \/>\n\t<meta property=\"og:image:width\" content=\"2374\" \/>\n\t<meta property=\"og:image:height\" content=\"1816\" \/>\n\t<meta property=\"og:image:type\" content=\"image\/png\" \/>\n<meta name=\"author\" content=\"derekhenryflood\" \/>\n<meta name=\"twitter:card\" content=\"summary_large_image\" \/>\n<meta name=\"twitter:label1\" content=\"Written by\" \/>\n\t<meta name=\"twitter:data1\" content=\"derekhenryflood\" \/>\n\t<meta name=\"twitter:label2\" content=\"Est. reading time\" \/>\n\t<meta name=\"twitter:data2\" content=\"1 minute\" \/>\n<script type=\"application\/ld+json\" class=\"yoast-schema-graph\">{\"@context\":\"https:\/\/schema.org\",\"@graph\":[{\"@type\":\"Article\",\"@id\":\"https:\/\/the-war-diaries.com\/?p=5790#article\",\"isPartOf\":{\"@id\":\"https:\/\/the-war-diaries.com\/?p=5790\"},\"author\":{\"name\":\"derekhenryflood\",\"@id\":\"https:\/\/the-war-diaries.com\/#\/schema\/person\/df810a7fcaa4910f9fc2513a3de68ff8\"},\"headline\":\"TWD&#8217;s Fieldwork in the Qandil Mountains Cited\",\"datePublished\":\"2026-03-11T23:07:40+00:00\",\"dateModified\":\"2026-03-11T23:14:28+00:00\",\"mainEntityOfPage\":{\"@id\":\"https:\/\/the-war-diaries.com\/?p=5790\"},\"wordCount\":188,\"publisher\":{\"@id\":\"https:\/\/the-war-diaries.com\/#\/schema\/person\/df810a7fcaa4910f9fc2513a3de68ff8\"},\"image\":{\"@id\":\"https:\/\/the-war-diaries.com\/?p=5790#primaryimage\"},\"thumbnailUrl\":\"https:\/\/the-war-diaries.com\/wp-content\/uploads\/2026\/03\/Screenshot-2026-03-11-at-7.04.56-PM-1.png\",\"inLanguage\":\"en-US\"},{\"@type\":\"WebPage\",\"@id\":\"https:\/\/the-war-diaries.com\/?p=5790\",\"url\":\"https:\/\/the-war-diaries.com\/?p=5790\",\"name\":\"TWD's Fieldwork in the Qandil Mountains Cited - The War Diaries\",\"isPartOf\":{\"@id\":\"https:\/\/the-war-diaries.com\/#website\"},\"primaryImageOfPage\":{\"@id\":\"https:\/\/the-war-diaries.com\/?p=5790#primaryimage\"},\"image\":{\"@id\":\"https:\/\/the-war-diaries.com\/?p=5790#primaryimage\"},\"thumbnailUrl\":\"https:\/\/the-war-diaries.com\/wp-content\/uploads\/2026\/03\/Screenshot-2026-03-11-at-7.04.56-PM-1.png\",\"datePublished\":\"2026-03-11T23:07:40+00:00\",\"dateModified\":\"2026-03-11T23:14:28+00:00\",\"breadcrumb\":{\"@id\":\"https:\/\/the-war-diaries.com\/?p=5790#breadcrumb\"},\"inLanguage\":\"en-US\",\"potentialAction\":[{\"@type\":\"ReadAction\",\"target\":[\"https:\/\/the-war-diaries.com\/?p=5790\"]}]},{\"@type\":\"ImageObject\",\"inLanguage\":\"en-US\",\"@id\":\"https:\/\/the-war-diaries.com\/?p=5790#primaryimage\",\"url\":\"https:\/\/the-war-diaries.com\/wp-content\/uploads\/2026\/03\/Screenshot-2026-03-11-at-7.04.56-PM-1.png\",\"contentUrl\":\"https:\/\/the-war-diaries.com\/wp-content\/uploads\/2026\/03\/Screenshot-2026-03-11-at-7.04.56-PM-1.png\",\"width\":2374,\"height\":1816},{\"@type\":\"BreadcrumbList\",\"@id\":\"https:\/\/the-war-diaries.com\/?p=5790#breadcrumb\",\"itemListElement\":[{\"@type\":\"ListItem\",\"position\":1,\"name\":\"Home\",\"item\":\"https:\/\/the-war-diaries.com\/\"},{\"@type\":\"ListItem\",\"position\":2,\"name\":\"TWD&#8217;s Fieldwork in the Qandil Mountains Cited\"}]},{\"@type\":\"WebSite\",\"@id\":\"https:\/\/the-war-diaries.com\/#website\",\"url\":\"https:\/\/the-war-diaries.com\/\",\"name\":\"The War Diaries\",\"description\":\"The Work of Derek Henry Flood\",\"publisher\":{\"@id\":\"https:\/\/the-war-diaries.com\/#\/schema\/person\/df810a7fcaa4910f9fc2513a3de68ff8\"},\"potentialAction\":[{\"@type\":\"SearchAction\",\"target\":{\"@type\":\"EntryPoint\",\"urlTemplate\":\"https:\/\/the-war-diaries.com\/?s={search_term_string}\"},\"query-input\":{\"@type\":\"PropertyValueSpecification\",\"valueRequired\":true,\"valueName\":\"search_term_string\"}}],\"inLanguage\":\"en-US\"},{\"@type\":[\"Person\",\"Organization\"],\"@id\":\"https:\/\/the-war-diaries.com\/#\/schema\/person\/df810a7fcaa4910f9fc2513a3de68ff8\",\"name\":\"derekhenryflood\",\"image\":{\"@type\":\"ImageObject\",\"inLanguage\":\"en-US\",\"@id\":\"https:\/\/the-war-diaries.com\/#\/schema\/person\/image\/\",\"url\":\"https:\/\/secure.gravatar.com\/avatar\/cd5233938d6cd11e25d3af3fd8d33ae549c53333d1f91d73a2820cb46179cf37?s=96&d=mm&r=g\",\"contentUrl\":\"https:\/\/secure.gravatar.com\/avatar\/cd5233938d6cd11e25d3af3fd8d33ae549c53333d1f91d73a2820cb46179cf37?s=96&d=mm&r=g\",\"caption\":\"derekhenryflood\"},\"logo\":{\"@id\":\"https:\/\/the-war-diaries.com\/#\/schema\/person\/image\/\"},\"sameAs\":[\"http:\/\/\"]}]}<\/script>\n<!-- \/ Yoast SEO plugin. -->","yoast_head_json":{"title":"TWD's Fieldwork in the Qandil Mountains Cited - The War Diaries","robots":{"index":"index","follow":"follow","max-snippet":"max-snippet:-1","max-image-preview":"max-image-preview:large","max-video-preview":"max-video-preview:-1"},"canonical":"https:\/\/the-war-diaries.com\/?p=5790","og_locale":"en_US","og_type":"article","og_title":"TWD's Fieldwork in the Qandil Mountains Cited - The War Diaries","og_description":"New Yiork- My fieldwork on Kurdish militancy in the Qandil mountains of Iraq&#8217;s Erbil governorate was cited by the Central European Journal of International and Security Studies published by Metropolitan University Prague. In The PKK\u2019s Friends and Foes in the&hellip;Read more &rarr;","og_url":"https:\/\/the-war-diaries.com\/?p=5790","og_site_name":"The War Diaries","article_published_time":"2026-03-11T23:07:40+00:00","article_modified_time":"2026-03-11T23:14:28+00:00","og_image":[{"width":2374,"height":1816,"url":"https:\/\/the-war-diaries.com\/wp-content\/uploads\/2026\/03\/Screenshot-2026-03-11-at-7.04.56-PM-1.png","type":"image\/png"}],"author":"derekhenryflood","twitter_card":"summary_large_image","twitter_misc":{"Written by":"derekhenryflood","Est. reading time":"1 minute"},"schema":{"@context":"https:\/\/schema.org","@graph":[{"@type":"Article","@id":"https:\/\/the-war-diaries.com\/?p=5790#article","isPartOf":{"@id":"https:\/\/the-war-diaries.com\/?p=5790"},"author":{"name":"derekhenryflood","@id":"https:\/\/the-war-diaries.com\/#\/schema\/person\/df810a7fcaa4910f9fc2513a3de68ff8"},"headline":"TWD&#8217;s Fieldwork in the Qandil Mountains Cited","datePublished":"2026-03-11T23:07:40+00:00","dateModified":"2026-03-11T23:14:28+00:00","mainEntityOfPage":{"@id":"https:\/\/the-war-diaries.com\/?p=5790"},"wordCount":188,"publisher":{"@id":"https:\/\/the-war-diaries.com\/#\/schema\/person\/df810a7fcaa4910f9fc2513a3de68ff8"},"image":{"@id":"https:\/\/the-war-diaries.com\/?p=5790#primaryimage"},"thumbnailUrl":"https:\/\/the-war-diaries.com\/wp-content\/uploads\/2026\/03\/Screenshot-2026-03-11-at-7.04.56-PM-1.png","inLanguage":"en-US"},{"@type":"WebPage","@id":"https:\/\/the-war-diaries.com\/?p=5790","url":"https:\/\/the-war-diaries.com\/?p=5790","name":"TWD's Fieldwork in the Qandil Mountains Cited - The War Diaries","isPartOf":{"@id":"https:\/\/the-war-diaries.com\/#website"},"primaryImageOfPage":{"@id":"https:\/\/the-war-diaries.com\/?p=5790#primaryimage"},"image":{"@id":"https:\/\/the-war-diaries.com\/?p=5790#primaryimage"},"thumbnailUrl":"https:\/\/the-war-diaries.com\/wp-content\/uploads\/2026\/03\/Screenshot-2026-03-11-at-7.04.56-PM-1.png","datePublished":"2026-03-11T23:07:40+00:00","dateModified":"2026-03-11T23:14:28+00:00","breadcrumb":{"@id":"https:\/\/the-war-diaries.com\/?p=5790#breadcrumb"},"inLanguage":"en-US","potentialAction":[{"@type":"ReadAction","target":["https:\/\/the-war-diaries.com\/?p=5790"]}]},{"@type":"ImageObject","inLanguage":"en-US","@id":"https:\/\/the-war-diaries.com\/?p=5790#primaryimage","url":"https:\/\/the-war-diaries.com\/wp-content\/uploads\/2026\/03\/Screenshot-2026-03-11-at-7.04.56-PM-1.png","contentUrl":"https:\/\/the-war-diaries.com\/wp-content\/uploads\/2026\/03\/Screenshot-2026-03-11-at-7.04.56-PM-1.png","width":2374,"height":1816},{"@type":"BreadcrumbList","@id":"https:\/\/the-war-diaries.com\/?p=5790#breadcrumb","itemListElement":[{"@type":"ListItem","position":1,"name":"Home","item":"https:\/\/the-war-diaries.com\/"},{"@type":"ListItem","position":2,"name":"TWD&#8217;s Fieldwork in the Qandil Mountains Cited"}]},{"@type":"WebSite","@id":"https:\/\/the-war-diaries.com\/#website","url":"https:\/\/the-war-diaries.com\/","name":"The War Diaries","description":"The Work of Derek Henry Flood","publisher":{"@id":"https:\/\/the-war-diaries.com\/#\/schema\/person\/df810a7fcaa4910f9fc2513a3de68ff8"},"potentialAction":[{"@type":"SearchAction","target":{"@type":"EntryPoint","urlTemplate":"https:\/\/the-war-diaries.com\/?s={search_term_string}"},"query-input":{"@type":"PropertyValueSpecification","valueRequired":true,"valueName":"search_term_string"}}],"inLanguage":"en-US"},{"@type":["Person","Organization"],"@id":"https:\/\/the-war-diaries.com\/#\/schema\/person\/df810a7fcaa4910f9fc2513a3de68ff8","name":"derekhenryflood","image":{"@type":"ImageObject","inLanguage":"en-US","@id":"https:\/\/the-war-diaries.com\/#\/schema\/person\/image\/","url":"https:\/\/secure.gravatar.com\/avatar\/cd5233938d6cd11e25d3af3fd8d33ae549c53333d1f91d73a2820cb46179cf37?s=96&d=mm&r=g","contentUrl":"https:\/\/secure.gravatar.com\/avatar\/cd5233938d6cd11e25d3af3fd8d33ae549c53333d1f91d73a2820cb46179cf37?s=96&d=mm&r=g","caption":"derekhenryflood"},"logo":{"@id":"https:\/\/the-war-diaries.com\/#\/schema\/person\/image\/"},"sameAs":["http:\/\/"]}]}},"_links":{"self":[{"href":"https:\/\/the-war-diaries.com\/index.php?rest_route=\/wp\/v2\/posts\/5790","targetHints":{"allow":["GET"]}}],"collection":[{"href":"https:\/\/the-war-diaries.com\/index.php?rest_route=\/wp\/v2\/posts"}],"about":[{"href":"https:\/\/the-war-diaries.com\/index.php?rest_route=\/wp\/v2\/types\/post"}],"author":[{"embeddable":true,"href":"https:\/\/the-war-diaries.com\/index.php?rest_route=\/wp\/v2\/users\/1"}],"replies":[{"embeddable":true,"href":"https:\/\/the-war-diaries.com\/index.php?rest_route=%2Fwp%2Fv2%2Fcomments&post=5790"}],"version-history":[{"count":2,"href":"https:\/\/the-war-diaries.com\/index.php?rest_route=\/wp\/v2\/posts\/5790\/revisions"}],"predecessor-version":[{"id":5798,"href":"https:\/\/the-war-diaries.com\/index.php?rest_route=\/wp\/v2\/posts\/5790\/revisions\/5798"}],"wp:featuredmedia":[{"embeddable":true,"href":"https:\/\/the-war-diaries.com\/index.php?rest_route=\/wp\/v2\/media\/5795"}],"wp:attachment":[{"href":"https:\/\/the-war-diaries.com\/index.php?rest_route=%2Fwp%2Fv2%2Fmedia&parent=5790"}],"wp:term":[{"taxonomy":"category","embeddable":true,"href":"https:\/\/the-war-diaries.com\/index.php?rest_route=%2Fwp%2Fv2%2Fcategories&post=5790"},{"taxonomy":"post_tag","embeddable":true,"href":"https:\/\/the-war-diaries.com\/index.php?rest_route=%2Fwp%2Fv2%2Ftags&post=5790"}],"curies":[{"name":"wp","href":"https:\/\/api.w.org\/{rel}","templated":true}]}}