{"id":6024,"date":"2026-09-05T05:00:27","date_gmt":"2026-09-05T12:00:27","guid":{"rendered":"https:\/\/the-war-diaries.com\/?p=6024"},"modified":"2026-09-05T06:55:54","modified_gmt":"2026-09-05T13:55:54","slug":"my-field-work-on-the-pjak-cited-in-czechia","status":"publish","type":"post","link":"https:\/\/the-war-diaries.com\/?p=6024","title":{"rendered":"My Field Work on the PJAK Cited in Czech Republic"},"content":{"rendered":"\n<p class=\"wp-block-paragraph\"><strong>Thera-<\/strong> My work in the Qandil mountains in Erbil governorate, Iraq along the border with Iran for the Jamestown Foundation wasd cited in  PhD dissertation at Masaryk University in Brno, Czechia (formerly the Czech Republic). <a href=\"https:\/\/scholar.google.com\/citations?user=FxzO-BwAAAAJ&amp;hl=en\">Tom\u00e1\u0161 Kav\u00e1lek<\/a>, the  <a href=\"https:\/\/www.pcmr.cz\/\">Director of Prague Centre for Middle East Relations<\/a>, wrote his dissertation in 2020 titled &#8220;<a href=\"https:\/\/is.muni.cz\/th\/tfdpp\/kavalek__PKK_insurgencies_2004-18.pdf\">Comparative Analysis of PKK Insurgencies in the Middle East in 2004-18: Examining Conditions for Insurgent Behaviour<\/a>&#8221; <\/p>\n\n\n\n<figure class=\"wp-block-image size-large\"><img loading=\"lazy\" decoding=\"async\" width=\"1024\" height=\"785\" src=\"https:\/\/the-war-diaries.com\/wp-content\/uploads\/2026\/09\/image-1024x785.png\" alt=\"\" class=\"wp-image-6039\" srcset=\"https:\/\/the-war-diaries.com\/wp-content\/uploads\/2026\/09\/image-1024x785.png 1024w, https:\/\/the-war-diaries.com\/wp-content\/uploads\/2026\/09\/image-150x115.png 150w, https:\/\/the-war-diaries.com\/wp-content\/uploads\/2026\/09\/image-300x230.png 300w, https:\/\/the-war-diaries.com\/wp-content\/uploads\/2026\/09\/image-260x199.png 260w, https:\/\/the-war-diaries.com\/wp-content\/uploads\/2026\/09\/image-160x123.png 160w, https:\/\/the-war-diaries.com\/wp-content\/uploads\/2026\/09\/image-560x429.png 560w, https:\/\/the-war-diaries.com\/wp-content\/uploads\/2026\/09\/image-768x589.png 768w, https:\/\/the-war-diaries.com\/wp-content\/uploads\/2026\/09\/image.png 1150w\" sizes=\"auto, (max-width: 1024px) 100vw, 1024px\" \/><figcaption class=\"wp-element-caption\">I interviewed a PJAK commander by the nom de guerre of Agiri Rojhelat at a camp for Iranian Kurdish insurgents within a larger PKK base in Iraq&#8217;s Qandil mountains. I had long wait via PKK intermediaries to land this interview. It took me weeks to gain their trust, I had to hide in the back of a car, change multiple cars, and surrender my Blackberry at a PKK checkpost in order to reach the PJAK.\u00a92009 Derek Henry Flood<\/figcaption><\/figure>\n\n\n\n<p class=\"wp-block-paragraph\">This vast body of work examines the PKK&#8217;s insurgent campaigns in Turkey and Iraq, the PYD&#8217;s evolution and actions in Syria, and the PJAK&#8217;s war in Iran (where <a href=\"https:\/\/the-war-diaries.com\/?p=551\">my work<\/a> comes into the picture). The relationship between Kurdish non-state armed groups has been undergoing a seismic shift in recent weeks as the PKK dissolves itself in Turkey as the core component of a lugubrious peace process between Ankara and PKK leader Abdullah &#8216;Apo&#8217; Ocalan imprisoned on Imrali island in the Sea of Marmara since his capture in Kenya in 1999. Concomitantly, General Mazloum Abdi, leader of the SDF in Syira of which the YPG is its core contituent war-fighting group, pledged that his forces would formally disband and reintegrate into post-Assad Syria&#8217;s nascent security forces (though the fate of the female <a href=\"https:\/\/www.reuters.com\/world\/middle-east\/once-symbols-war-islamic-state-kurdish-women-fighters-seek-role-new-syria-2026-09-02\/\">YPJ contigent remains entirely uncertain<\/a>.)<\/p>\n\n\n\n<figure class=\"wp-block-image size-large\"><img loading=\"lazy\" decoding=\"async\" width=\"1024\" height=\"769\" src=\"https:\/\/the-war-diaries.com\/wp-content\/uploads\/2026\/09\/P1010969-1024x769.jpg\" alt=\"\" class=\"wp-image-6032\" srcset=\"https:\/\/the-war-diaries.com\/wp-content\/uploads\/2026\/09\/P1010969-1024x769.jpg 1024w, https:\/\/the-war-diaries.com\/wp-content\/uploads\/2026\/09\/P1010969-150x113.jpg 150w, https:\/\/the-war-diaries.com\/wp-content\/uploads\/2026\/09\/P1010969-300x225.jpg 300w, https:\/\/the-war-diaries.com\/wp-content\/uploads\/2026\/09\/P1010969-767x576.jpg 767w, https:\/\/the-war-diaries.com\/wp-content\/uploads\/2026\/09\/P1010969-560x420.jpg 560w, https:\/\/the-war-diaries.com\/wp-content\/uploads\/2026\/09\/P1010969-260x195.jpg 260w, https:\/\/the-war-diaries.com\/wp-content\/uploads\/2026\/09\/P1010969-160x120.jpg 160w, https:\/\/the-war-diaries.com\/wp-content\/uploads\/2026\/09\/P1010969-1536x1153.jpg 1536w, https:\/\/the-war-diaries.com\/wp-content\/uploads\/2026\/09\/P1010969-2048x1538.jpg 2048w\" sizes=\"auto, (max-width: 1024px) 100vw, 1024px\" \/><figcaption class=\"wp-element-caption\">A YPG martyr&#8217;s grave in Suruc, Turkey for a fighter killed defending Kobane, Syria against the siege being laid by IS in October 2014. To me this juxtaposition epitomizes the complex transnational nature of the Kurdish freedom struggle \u00a92014 Derek Henry Flood<\/figcaption><\/figure>\n\n\n\n<p class=\"wp-block-paragraph\">So this looks like the end of the transnational Apoist movements spanning greater Kurdistan , correct? Not so fast. The PJAK has strongly denied it will lay down its arms in its decades-long war against the Iranian state and emphatically stated its decision making which you can read about here: &#8220;<a href=\"https:\/\/theamargi.com\/posts\/pjak-asserts-independence-from-pkk\">PJAK asserts independence from PKK, says it will not dissolve<\/a>.&#8221;<\/p>\n\n\n\n<figure class=\"wp-block-image size-large\"><img loading=\"lazy\" decoding=\"async\" width=\"1024\" height=\"813\" src=\"https:\/\/the-war-diaries.com\/wp-content\/uploads\/2026\/09\/Screenshot-2026-09-05-at-2.11.27-PM-1024x813.png\" alt=\"\" class=\"wp-image-6025\" srcset=\"https:\/\/the-war-diaries.com\/wp-content\/uploads\/2026\/09\/Screenshot-2026-09-05-at-2.11.27-PM-1024x813.png 1024w, https:\/\/the-war-diaries.com\/wp-content\/uploads\/2026\/09\/Screenshot-2026-09-05-at-2.11.27-PM-300x238.png 300w, https:\/\/the-war-diaries.com\/wp-content\/uploads\/2026\/09\/Screenshot-2026-09-05-at-2.11.27-PM-150x119.png 150w, https:\/\/the-war-diaries.com\/wp-content\/uploads\/2026\/09\/Screenshot-2026-09-05-at-2.11.27-PM-260x206.png 260w, https:\/\/the-war-diaries.com\/wp-content\/uploads\/2026\/09\/Screenshot-2026-09-05-at-2.11.27-PM-160x127.png 160w, https:\/\/the-war-diaries.com\/wp-content\/uploads\/2026\/09\/Screenshot-2026-09-05-at-2.11.27-PM-560x444.png 560w, https:\/\/the-war-diaries.com\/wp-content\/uploads\/2026\/09\/Screenshot-2026-09-05-at-2.11.27-PM-767x609.png 767w, https:\/\/the-war-diaries.com\/wp-content\/uploads\/2026\/09\/Screenshot-2026-09-05-at-2.11.27-PM-1536x1219.png 1536w, https:\/\/the-war-diaries.com\/wp-content\/uploads\/2026\/09\/Screenshot-2026-09-05-at-2.11.27-PM.png 1724w\" sizes=\"auto, (max-width: 1024px) 100vw, 1024px\" \/><\/figure>\n","protected":false},"excerpt":{"rendered":"<p>Thera- My work in the Qandil mountains in Erbil governorate, Iraq along the border with Iran for the Jamestown Foundation wasd cited in PhD dissertation at Masaryk University in Brno, Czechia (formerly the Czech Republic). Tom\u00e1\u0161 Kav\u00e1lek, the Director of&hellip;<\/p>\n<p class=\"more-link-p\"><a class=\"more-link\" href=\"https:\/\/the-war-diaries.com\/?p=6024\">Read more &rarr;<\/a><\/p>\n","protected":false},"author":1,"featured_media":6039,"comment_status":"closed","ping_status":"open","sticky":false,"template":"","format":"standard","meta":{"footnotes":""},"categories":[6,16,536,41],"tags":[68,1005,1072,1478],"class_list":["post-6024","post","type-post","status-publish","format-standard","has-post-thumbnail","hentry","category-iran","category-iraq","category-syria","category-turkey","tag-pjak","tag-pkk","tag-ypg","tag-ypj"],"yoast_head":"<!-- This site is optimized with the Yoast SEO plugin v27.1.1 - https:\/\/yoast.com\/product\/yoast-seo-wordpress\/ -->\n<title>My Field Work on the PJAK Cited in Czech Republic - The War Diaries<\/title>\n<meta name=\"robots\" content=\"index, follow, max-snippet:-1, max-image-preview:large, max-video-preview:-1\" \/>\n<link rel=\"canonical\" href=\"https:\/\/the-war-diaries.com\/?p=6024\" \/>\n<meta property=\"og:locale\" content=\"en_US\" \/>\n<meta property=\"og:type\" content=\"article\" \/>\n<meta property=\"og:title\" content=\"My Field Work on the PJAK Cited in Czech Republic - The War Diaries\" \/>\n<meta property=\"og:description\" content=\"Thera- My work in the Qandil mountains in Erbil governorate, Iraq along the border with Iran for the Jamestown Foundation wasd cited in PhD dissertation at Masaryk University in Brno, Czechia (formerly the Czech Republic). Tom\u00e1\u0161 Kav\u00e1lek, the Director of&hellip;Read more &rarr;\" \/>\n<meta property=\"og:url\" content=\"https:\/\/the-war-diaries.com\/?p=6024\" \/>\n<meta property=\"og:site_name\" content=\"The War Diaries\" \/>\n<meta property=\"article:published_time\" content=\"2026-09-05T12:00:27+00:00\" \/>\n<meta property=\"article:modified_time\" content=\"2026-09-05T13:55:54+00:00\" \/>\n<meta property=\"og:image\" content=\"http:\/\/the-war-diaries.com\/wp-content\/uploads\/2026\/09\/image.png\" \/>\n\t<meta property=\"og:image:width\" content=\"1150\" \/>\n\t<meta property=\"og:image:height\" content=\"882\" \/>\n\t<meta property=\"og:image:type\" content=\"image\/png\" \/>\n<meta name=\"author\" content=\"derekhenryflood\" \/>\n<meta name=\"twitter:card\" content=\"summary_large_image\" \/>\n<meta name=\"twitter:label1\" content=\"Written by\" \/>\n\t<meta name=\"twitter:data1\" content=\"derekhenryflood\" \/>\n\t<meta name=\"twitter:label2\" content=\"Est. reading time\" \/>\n\t<meta name=\"twitter:data2\" content=\"3 minutes\" \/>\n<script type=\"application\/ld+json\" class=\"yoast-schema-graph\">{\"@context\":\"https:\/\/schema.org\",\"@graph\":[{\"@type\":\"Article\",\"@id\":\"https:\/\/the-war-diaries.com\/?p=6024#article\",\"isPartOf\":{\"@id\":\"https:\/\/the-war-diaries.com\/?p=6024\"},\"author\":{\"name\":\"derekhenryflood\",\"@id\":\"https:\/\/the-war-diaries.com\/#\/schema\/person\/df810a7fcaa4910f9fc2513a3de68ff8\"},\"headline\":\"My Field Work on the PJAK Cited in Czech Republic\",\"datePublished\":\"2026-09-05T12:00:27+00:00\",\"dateModified\":\"2026-09-05T13:55:54+00:00\",\"mainEntityOfPage\":{\"@id\":\"https:\/\/the-war-diaries.com\/?p=6024\"},\"wordCount\":396,\"publisher\":{\"@id\":\"https:\/\/the-war-diaries.com\/#\/schema\/person\/df810a7fcaa4910f9fc2513a3de68ff8\"},\"image\":{\"@id\":\"https:\/\/the-war-diaries.com\/?p=6024#primaryimage\"},\"thumbnailUrl\":\"https:\/\/the-war-diaries.com\/wp-content\/uploads\/2026\/09\/image.png\",\"keywords\":[\"PJAK\",\"PKK\",\"YPG\",\"YPJ\"],\"articleSection\":[\"Iran\",\"Iraq\",\"Syria\",\"Turkey\"],\"inLanguage\":\"en\"},{\"@type\":\"WebPage\",\"@id\":\"https:\/\/the-war-diaries.com\/?p=6024\",\"url\":\"https:\/\/the-war-diaries.com\/?p=6024\",\"name\":\"My Field Work on the PJAK Cited in Czech Republic - The War Diaries\",\"isPartOf\":{\"@id\":\"https:\/\/the-war-diaries.com\/#website\"},\"primaryImageOfPage\":{\"@id\":\"https:\/\/the-war-diaries.com\/?p=6024#primaryimage\"},\"image\":{\"@id\":\"https:\/\/the-war-diaries.com\/?p=6024#primaryimage\"},\"thumbnailUrl\":\"https:\/\/the-war-diaries.com\/wp-content\/uploads\/2026\/09\/image.png\",\"datePublished\":\"2026-09-05T12:00:27+00:00\",\"dateModified\":\"2026-09-05T13:55:54+00:00\",\"breadcrumb\":{\"@id\":\"https:\/\/the-war-diaries.com\/?p=6024#breadcrumb\"},\"inLanguage\":\"en\",\"potentialAction\":[{\"@type\":\"ReadAction\",\"target\":[\"https:\/\/the-war-diaries.com\/?p=6024\"]}]},{\"@type\":\"ImageObject\",\"inLanguage\":\"en\",\"@id\":\"https:\/\/the-war-diaries.com\/?p=6024#primaryimage\",\"url\":\"https:\/\/the-war-diaries.com\/wp-content\/uploads\/2026\/09\/image.png\",\"contentUrl\":\"https:\/\/the-war-diaries.com\/wp-content\/uploads\/2026\/09\/image.png\",\"width\":1150,\"height\":882},{\"@type\":\"BreadcrumbList\",\"@id\":\"https:\/\/the-war-diaries.com\/?p=6024#breadcrumb\",\"itemListElement\":[{\"@type\":\"ListItem\",\"position\":1,\"name\":\"Home\",\"item\":\"https:\/\/the-war-diaries.com\/\"},{\"@type\":\"ListItem\",\"position\":2,\"name\":\"My Field Work on the PJAK Cited in Czech Republic\"}]},{\"@type\":\"WebSite\",\"@id\":\"https:\/\/the-war-diaries.com\/#website\",\"url\":\"https:\/\/the-war-diaries.com\/\",\"name\":\"The War Diaries\",\"description\":\"The Work of Derek Henry Flood\",\"publisher\":{\"@id\":\"https:\/\/the-war-diaries.com\/#\/schema\/person\/df810a7fcaa4910f9fc2513a3de68ff8\"},\"potentialAction\":[{\"@type\":\"SearchAction\",\"target\":{\"@type\":\"EntryPoint\",\"urlTemplate\":\"https:\/\/the-war-diaries.com\/?s={search_term_string}\"},\"query-input\":{\"@type\":\"PropertyValueSpecification\",\"valueRequired\":true,\"valueName\":\"search_term_string\"}}],\"inLanguage\":\"en\"},{\"@type\":[\"Person\",\"Organization\"],\"@id\":\"https:\/\/the-war-diaries.com\/#\/schema\/person\/df810a7fcaa4910f9fc2513a3de68ff8\",\"name\":\"derekhenryflood\",\"image\":{\"@type\":\"ImageObject\",\"inLanguage\":\"en\",\"@id\":\"https:\/\/the-war-diaries.com\/#\/schema\/person\/image\/\",\"url\":\"https:\/\/secure.gravatar.com\/avatar\/cd5233938d6cd11e25d3af3fd8d33ae549c53333d1f91d73a2820cb46179cf37?s=96&d=mm&r=g\",\"contentUrl\":\"https:\/\/secure.gravatar.com\/avatar\/cd5233938d6cd11e25d3af3fd8d33ae549c53333d1f91d73a2820cb46179cf37?s=96&d=mm&r=g\",\"caption\":\"derekhenryflood\"},\"logo\":{\"@id\":\"https:\/\/the-war-diaries.com\/#\/schema\/person\/image\/\"},\"sameAs\":[\"http:\/\/\"]}]}<\/script>\n<!-- \/ Yoast SEO plugin. -->","yoast_head_json":{"title":"My Field Work on the PJAK Cited in Czech Republic - The War Diaries","robots":{"index":"index","follow":"follow","max-snippet":"max-snippet:-1","max-image-preview":"max-image-preview:large","max-video-preview":"max-video-preview:-1"},"canonical":"https:\/\/the-war-diaries.com\/?p=6024","og_locale":"en_US","og_type":"article","og_title":"My Field Work on the PJAK Cited in Czech Republic - The War Diaries","og_description":"Thera- My work in the Qandil mountains in Erbil governorate, Iraq along the border with Iran for the Jamestown Foundation wasd cited in PhD dissertation at Masaryk University in Brno, Czechia (formerly the Czech Republic). Tom\u00e1\u0161 Kav\u00e1lek, the Director of&hellip;Read more &rarr;","og_url":"https:\/\/the-war-diaries.com\/?p=6024","og_site_name":"The War Diaries","article_published_time":"2026-09-05T12:00:27+00:00","article_modified_time":"2026-09-05T13:55:54+00:00","og_image":[{"width":1150,"height":882,"url":"http:\/\/the-war-diaries.com\/wp-content\/uploads\/2026\/09\/image.png","type":"image\/png"}],"author":"derekhenryflood","twitter_card":"summary_large_image","twitter_misc":{"Written by":"derekhenryflood","Est. reading time":"3 minutes"},"schema":{"@context":"https:\/\/schema.org","@graph":[{"@type":"Article","@id":"https:\/\/the-war-diaries.com\/?p=6024#article","isPartOf":{"@id":"https:\/\/the-war-diaries.com\/?p=6024"},"author":{"name":"derekhenryflood","@id":"https:\/\/the-war-diaries.com\/#\/schema\/person\/df810a7fcaa4910f9fc2513a3de68ff8"},"headline":"My Field Work on the PJAK Cited in Czech Republic","datePublished":"2026-09-05T12:00:27+00:00","dateModified":"2026-09-05T13:55:54+00:00","mainEntityOfPage":{"@id":"https:\/\/the-war-diaries.com\/?p=6024"},"wordCount":396,"publisher":{"@id":"https:\/\/the-war-diaries.com\/#\/schema\/person\/df810a7fcaa4910f9fc2513a3de68ff8"},"image":{"@id":"https:\/\/the-war-diaries.com\/?p=6024#primaryimage"},"thumbnailUrl":"https:\/\/the-war-diaries.com\/wp-content\/uploads\/2026\/09\/image.png","keywords":["PJAK","PKK","YPG","YPJ"],"articleSection":["Iran","Iraq","Syria","Turkey"],"inLanguage":"en"},{"@type":"WebPage","@id":"https:\/\/the-war-diaries.com\/?p=6024","url":"https:\/\/the-war-diaries.com\/?p=6024","name":"My Field Work on the PJAK Cited in Czech Republic - The War Diaries","isPartOf":{"@id":"https:\/\/the-war-diaries.com\/#website"},"primaryImageOfPage":{"@id":"https:\/\/the-war-diaries.com\/?p=6024#primaryimage"},"image":{"@id":"https:\/\/the-war-diaries.com\/?p=6024#primaryimage"},"thumbnailUrl":"https:\/\/the-war-diaries.com\/wp-content\/uploads\/2026\/09\/image.png","datePublished":"2026-09-05T12:00:27+00:00","dateModified":"2026-09-05T13:55:54+00:00","breadcrumb":{"@id":"https:\/\/the-war-diaries.com\/?p=6024#breadcrumb"},"inLanguage":"en","potentialAction":[{"@type":"ReadAction","target":["https:\/\/the-war-diaries.com\/?p=6024"]}]},{"@type":"ImageObject","inLanguage":"en","@id":"https:\/\/the-war-diaries.com\/?p=6024#primaryimage","url":"https:\/\/the-war-diaries.com\/wp-content\/uploads\/2026\/09\/image.png","contentUrl":"https:\/\/the-war-diaries.com\/wp-content\/uploads\/2026\/09\/image.png","width":1150,"height":882},{"@type":"BreadcrumbList","@id":"https:\/\/the-war-diaries.com\/?p=6024#breadcrumb","itemListElement":[{"@type":"ListItem","position":1,"name":"Home","item":"https:\/\/the-war-diaries.com\/"},{"@type":"ListItem","position":2,"name":"My Field Work on the PJAK Cited in Czech Republic"}]},{"@type":"WebSite","@id":"https:\/\/the-war-diaries.com\/#website","url":"https:\/\/the-war-diaries.com\/","name":"The War Diaries","description":"The Work of Derek Henry Flood","publisher":{"@id":"https:\/\/the-war-diaries.com\/#\/schema\/person\/df810a7fcaa4910f9fc2513a3de68ff8"},"potentialAction":[{"@type":"SearchAction","target":{"@type":"EntryPoint","urlTemplate":"https:\/\/the-war-diaries.com\/?s={search_term_string}"},"query-input":{"@type":"PropertyValueSpecification","valueRequired":true,"valueName":"search_term_string"}}],"inLanguage":"en"},{"@type":["Person","Organization"],"@id":"https:\/\/the-war-diaries.com\/#\/schema\/person\/df810a7fcaa4910f9fc2513a3de68ff8","name":"derekhenryflood","image":{"@type":"ImageObject","inLanguage":"en","@id":"https:\/\/the-war-diaries.com\/#\/schema\/person\/image\/","url":"https:\/\/secure.gravatar.com\/avatar\/cd5233938d6cd11e25d3af3fd8d33ae549c53333d1f91d73a2820cb46179cf37?s=96&d=mm&r=g","contentUrl":"https:\/\/secure.gravatar.com\/avatar\/cd5233938d6cd11e25d3af3fd8d33ae549c53333d1f91d73a2820cb46179cf37?s=96&d=mm&r=g","caption":"derekhenryflood"},"logo":{"@id":"https:\/\/the-war-diaries.com\/#\/schema\/person\/image\/"},"sameAs":["http:\/\/"]}]}},"_links":{"self":[{"href":"https:\/\/the-war-diaries.com\/index.php?rest_route=\/wp\/v2\/posts\/6024","targetHints":{"allow":["GET"]}}],"collection":[{"href":"https:\/\/the-war-diaries.com\/index.php?rest_route=\/wp\/v2\/posts"}],"about":[{"href":"https:\/\/the-war-diaries.com\/index.php?rest_route=\/wp\/v2\/types\/post"}],"author":[{"embeddable":true,"href":"https:\/\/the-war-diaries.com\/index.php?rest_route=\/wp\/v2\/users\/1"}],"replies":[{"embeddable":true,"href":"https:\/\/the-war-diaries.com\/index.php?rest_route=%2Fwp%2Fv2%2Fcomments&post=6024"}],"version-history":[{"count":8,"href":"https:\/\/the-war-diaries.com\/index.php?rest_route=\/wp\/v2\/posts\/6024\/revisions"}],"predecessor-version":[{"id":6043,"href":"https:\/\/the-war-diaries.com\/index.php?rest_route=\/wp\/v2\/posts\/6024\/revisions\/6043"}],"wp:featuredmedia":[{"embeddable":true,"href":"https:\/\/the-war-diaries.com\/index.php?rest_route=\/wp\/v2\/media\/6039"}],"wp:attachment":[{"href":"https:\/\/the-war-diaries.com\/index.php?rest_route=%2Fwp%2Fv2%2Fmedia&parent=6024"}],"wp:term":[{"taxonomy":"category","embeddable":true,"href":"https:\/\/the-war-diaries.com\/index.php?rest_route=%2Fwp%2Fv2%2Fcategories&post=6024"},{"taxonomy":"post_tag","embeddable":true,"href":"https:\/\/the-war-diaries.com\/index.php?rest_route=%2Fwp%2Fv2%2Ftags&post=6024"}],"curies":[{"name":"wp","href":"https:\/\/api.w.org\/{rel}","templated":true}]}}